{"id":1400,"date":"2018-09-16T19:50:41","date_gmt":"2018-09-16T16:50:41","guid":{"rendered":"http:\/\/www.tomirinne.net\/?p=1400"},"modified":"2018-09-16T19:50:41","modified_gmt":"2018-09-16T16:50:41","slug":"toinen-telakkaviiko","status":"publish","type":"post","link":"http:\/\/www.tomirinne.fi\/?p=1400","title":{"rendered":"Toinen telakkaviiko"},"content":{"rendered":"<p>Viikko 37\/2018 (10. \u2013 16.9.2018)<\/p>\n<p>Syksy jatkuu telakalla. T\u00e4m\u00e4 viikko oli itse asiassa viel\u00e4kin aneemisempi kuin edellinen. Ulkoilukelit olisivat vaihdelleet eritt\u00e4in mainiosta melko vetisiin. Mutta kun ei tullut juurikaan ulkoiltua niin sin\u00e4ns\u00e4 ei keleill\u00e4k\u00e4\u00e4n ollut v\u00e4li\u00e4.<\/p>\n<p>Maanantaina sent\u00e4\u00e4n tein ty\u00f6matkapy\u00f6r\u00e4ilyt, mutta ne olivatkin viikon ainoat py\u00f6r\u00e4ilyt. Maanantai-iltana oli my\u00f6s KeKe:n j\u00e4rjest\u00e4m\u00e4 (ja UiTa:n toteuttama) tunnin vapaauintikoulutus. Siell\u00e4 k\u00e4vin testaamassa uudet uikkarit, lasit ja korvatulpat (nen\u00e4klipsi\u00e4kin kokeilin, mutta ei tuntunut olevan minun juttuni). Koulutuksen tuloksena oli, ett\u00e4 totesin etten osaa uida, ainakaan vapaauintia. Pit\u00e4nee jatkaa treenaamista, jos joskus aikoo triathloniin osallistua.<\/p>\n<p>Tiisain olin reissussa ja tulin sielt\u00e4 vasta keskiviikkoiltana. Illalla tein kotona tunnin salitreenin. Torstaina olin taas reissussa, mutta vaikka tulin suht normiaikaan kotiin, niin kuntoilut j\u00e4iv\u00e4t tekem\u00e4tt\u00e4. Perjantaina tein taas kotona tunnin salitreenin.<\/p>\n<p>Viikonloppuna minulla oli lainassa Avantti ja sill\u00e4 levittelin lauantaina ja sunnuntaina kaksi nupillista sepeli\u00e4 yksityistiellemme. Sunnuntaina tuli my\u00f6s heiluttua lapion kanssa, sill\u00e4 availin jokusen tunnin ajan ojanpientareita. Viikonlopun ainoa treeni tuli tehty\u00e4 sunnuntaina, kun k\u00e4vin kokeilemassa jalan kest\u00e4vyytt\u00e4 viiden kilometrin juoksulenkill\u00e4. Jalkapohja oli suht ok, eik\u00e4 se noussut lekin top-3 kipukohtien joukkoon. Ensi viikolla voisi kokeilla v\u00e4h\u00e4n pidemp\u00e4\u00e4 lenkki\u00e4, josko sille alkaisi parin kevyen viikon j\u00e4lkeen taas juoksu maistumaan.<\/p>\n","protected":false},"excerpt":{"rendered":"<p>Viikko 37\/2018 (10. \u2013 16.9.2018) Syksy jatkuu telakalla. T\u00e4m\u00e4 viikko oli itse asiassa viel\u00e4kin aneemisempi kuin edellinen. Ulkoilukelit olisivat vaihdelleet eritt\u00e4in mainiosta melko vetisiin. Mutta kun ei tullut juurikaan ulkoiltua niin sin\u00e4ns\u00e4 ei keleill\u00e4k\u00e4\u00e4n ollut v\u00e4li\u00e4. Maanantaina sent\u00e4\u00e4n tein ty\u00f6matkapy\u00f6r\u00e4ilyt, &hellip; <a href=\"http:\/\/www.tomirinne.fi\/?p=1400\">Continue reading <span class=\"meta-nav\">&rarr;<\/span><\/a><\/p>\n","protected":false},"author":1,"featured_media":0,"comment_status":"open","ping_status":"open","sticky":false,"template":"","format":"standard","meta":{"footnotes":""},"categories":[6],"tags":[],"class_list":["post-1400","post","type-post","status-publish","format-standard","hentry","category-treeniraportti"],"_links":{"self":[{"href":"http:\/\/www.tomirinne.fi\/index.php?rest_route=\/wp\/v2\/posts\/1400","targetHints":{"allow":["GET"]}}],"collection":[{"href":"http:\/\/www.tomirinne.fi\/index.php?rest_route=\/wp\/v2\/posts"}],"about":[{"href":"http:\/\/www.tomirinne.fi\/index.php?rest_route=\/wp\/v2\/types\/post"}],"author":[{"embeddable":true,"href":"http:\/\/www.tomirinne.fi\/index.php?rest_route=\/wp\/v2\/users\/1"}],"replies":[{"embeddable":true,"href":"http:\/\/www.tomirinne.fi\/index.php?rest_route=%2Fwp%2Fv2%2Fcomments&post=1400"}],"version-history":[{"count":0,"href":"http:\/\/www.tomirinne.fi\/index.php?rest_route=\/wp\/v2\/posts\/1400\/revisions"}],"wp:attachment":[{"href":"http:\/\/www.tomirinne.fi\/index.php?rest_route=%2Fwp%2Fv2%2Fmedia&parent=1400"}],"wp:term":[{"taxonomy":"category","embeddable":true,"href":"http:\/\/www.tomirinne.fi\/index.php?rest_route=%2Fwp%2Fv2%2Fcategories&post=1400"},{"taxonomy":"post_tag","embeddable":true,"href":"http:\/\/www.tomirinne.fi\/index.php?rest_route=%2Fwp%2Fv2%2Ftags&post=1400"}],"curies":[{"name":"wp","href":"https:\/\/api.w.org\/{rel}","templated":true}]}}