{"id":14,"date":"2007-11-18T14:54:11","date_gmt":"2007-11-18T11:54:11","guid":{"rendered":"http:\/\/localhost\/wordpress\/?p=129"},"modified":"2007-11-18T14:54:11","modified_gmt":"2007-11-18T11:54:11","slug":"pienta-valoa-tunnelin-paassa","status":"publish","type":"post","link":"http:\/\/www.tomirinne.fi\/?p=14","title":{"rendered":"Pient\u00e4 valoa tunnelin p\u00e4\u00e4ss\u00e4"},"content":{"rendered":"<p>Viime sunnuntain lenkin j\u00e4lkeinen maanantaiaamu v\u00e4h\u00e4n j\u00e4nnitti, ett\u00e4 mit\u00e4 polvi tykk\u00e4si lenkist\u00e4. Testi tuli tehty\u00e4 heti aamulla, sill\u00e4 portaiden k\u00e4vely alasp\u00e4in yleens\u00e4 kertoo miss\u00e4 menn\u00e4\u00e4n. Ja hyv\u00e4lt\u00e4h\u00e4n se tuntui, tai ei siis tuntunut milt\u00e4\u00e4n, eli polvi ei ollut tyk\u00e4nnyt huonoa lenkist\u00e4.<\/p>\n<p>Alkuviikko olikin taas sitten pelkk\u00e4\u00e4 lep\u00e4ily\u00e4, kun olin Espoossa kurssilla. Ja parempi niin. Keskiviikkona p\u00e4\u00e4sin kurssilta ajoissa pois, joten l\u00e4hdin kokeilemaan uudellen milt\u00e4 juoksu tuntuisi. Juoksin j\u00e4lleen saman 6,5 km lenkin, hieman reippaampaa kuin sunnuntaina (meni ihan ilman yritt\u00e4mist\u00e4kin). T\u00e4ll\u00e4k\u00e4\u00e4n kertaa ei ollut ongelmia juoksun aikana eik\u00e4 sen j\u00e4lkeenk\u00e4\u00e4n.<\/p>\n<p>Torstaina huilailtiin ja perjantaina aamusta 45 min salilla ja illalla 12 km sauvak\u00e4vely (ilman juoksuaskelia).  En tied\u00e4 onko sit\u00e4 tulossa vanhaksi vai johtuuko se t\u00e4st\u00e4 pime\u00e4st\u00e4 ajasta, mutta aamun salireeni oli ihan tuskaa. Ei olisi jaksanut tehd\u00e4 mit\u00e4\u00e4n ja sitten kun sai jotain aikaiseksi, niin tuntui ett\u00e4 syd\u00e4n iskee rinnasta l\u00e4pi ja taju l\u00e4htee. Vanhuutta se varmaan on, sill\u00e4 k\u00e4vin perjantaina n\u00e4\u00f6ntarkastuksessa, ja sielt\u00e4 m\u00e4\u00e4r\u00e4ttiin jatkotutkimuksiin&#8230; jee jee&#8230;<\/p>\n<p>Lauantaina p\u00e4\u00e4tin tehd\u00e4 v\u00e4h\u00e4n pitemm\u00e4n juoksulenkin ja suuntasin kohti Kalkkua josta kertyisi matkaa v\u00e4h\u00e4n reilu 10 km. En muista milloin 10:n lenkki olisi ollut noin rankka vaikka vauhti oli hieman yli 5 min\/km:lla. Matkan aikana muistelin, ett\u00e4 kun viimeksi juoksin saman lenkin, niin tein sen kovana harjoituksena ja keskivauhti oli 4:01 min\/km. Siit\u00e4 tosin on aikaa jo melkein 3,5 kk, ja sen kyll\u00e4 huomasi. Matkan aikana ei tuntunut mit\u00e4\u00e4n pahempia kipuja, mutta suihkun ja ruokailun j\u00e4lkeen polven ulkosyrj\u00e4 tuntui kipe\u00e4lt\u00e4. Kipu kyll\u00e4 h\u00e4visi v\u00e4h\u00e4najan p\u00e4\u00e4st\u00e4, kun p\u00e4\u00e4si pihalle puuhommiin.<\/p>\n<p>Sunnuntaiaamusta l\u00e4hdin tekem\u00e4\u00e4n pitk\u00e4\u00e4 sauvak\u00e4velylenkki\u00e4. En juossut matkan aikana yht\u00e4\u00e4n, mutta siit\u00e4 huolimatta polven ulkosyrj\u00e4 tuntui v\u00e4lill\u00e4 kipe\u00e4lt\u00e4 &#8211; tosin kipu kyll\u00e4 v\u00e4lill\u00e4 h\u00e4visikin. Matkaa kertyi v\u00e4h\u00e4n reilu 20 km ja aikaa kului vajaa 3 h. Voi olla, ett\u00e4 ei ollut ihan j\u00e4rkev\u00e4 lenkki t\u00e4h\u00e4n rakoon, sill\u00e4 polvi ei tainut siit\u00e4 tyk\u00e4t\u00e4. P\u00e4\u00e4 kyll\u00e4 tykk\u00e4si.<\/p>\n","protected":false},"excerpt":{"rendered":"<p>Viime sunnuntain lenkin j\u00e4lkeinen maanantaiaamu v\u00e4h\u00e4n j\u00e4nnitti, ett\u00e4 mit\u00e4 polvi tykk\u00e4si lenkist\u00e4. Testi tuli tehty\u00e4 heti aamulla, sill\u00e4 portaiden k\u00e4vely alasp\u00e4in yleens\u00e4 kertoo miss\u00e4 menn\u00e4\u00e4n. Ja hyv\u00e4lt\u00e4h\u00e4n se tuntui, tai ei siis tuntunut milt\u00e4\u00e4n, eli polvi ei ollut tyk\u00e4nnyt huonoa &hellip; <a href=\"http:\/\/www.tomirinne.fi\/?p=14\">Continue reading <span class=\"meta-nav\">&rarr;<\/span><\/a><\/p>\n","protected":false},"author":1,"featured_media":0,"comment_status":"open","ping_status":"open","sticky":false,"template":"","format":"standard","meta":{"footnotes":""},"categories":[6],"tags":[],"class_list":["post-14","post","type-post","status-publish","format-standard","hentry","category-treeniraportti"],"_links":{"self":[{"href":"http:\/\/www.tomirinne.fi\/index.php?rest_route=\/wp\/v2\/posts\/14","targetHints":{"allow":["GET"]}}],"collection":[{"href":"http:\/\/www.tomirinne.fi\/index.php?rest_route=\/wp\/v2\/posts"}],"about":[{"href":"http:\/\/www.tomirinne.fi\/index.php?rest_route=\/wp\/v2\/types\/post"}],"author":[{"embeddable":true,"href":"http:\/\/www.tomirinne.fi\/index.php?rest_route=\/wp\/v2\/users\/1"}],"replies":[{"embeddable":true,"href":"http:\/\/www.tomirinne.fi\/index.php?rest_route=%2Fwp%2Fv2%2Fcomments&post=14"}],"version-history":[{"count":0,"href":"http:\/\/www.tomirinne.fi\/index.php?rest_route=\/wp\/v2\/posts\/14\/revisions"}],"wp:attachment":[{"href":"http:\/\/www.tomirinne.fi\/index.php?rest_route=%2Fwp%2Fv2%2Fmedia&parent=14"}],"wp:term":[{"taxonomy":"category","embeddable":true,"href":"http:\/\/www.tomirinne.fi\/index.php?rest_route=%2Fwp%2Fv2%2Fcategories&post=14"},{"taxonomy":"post_tag","embeddable":true,"href":"http:\/\/www.tomirinne.fi\/index.php?rest_route=%2Fwp%2Fv2%2Ftags&post=14"}],"curies":[{"name":"wp","href":"https:\/\/api.w.org\/{rel}","templated":true}]}}