{"id":1321,"date":"2018-02-25T12:29:26","date_gmt":"2018-02-25T09:29:26","guid":{"rendered":"http:\/\/www.tomirinne.net\/?p=1321"},"modified":"2018-02-25T12:29:26","modified_gmt":"2018-02-25T09:29:26","slug":"kuumetta","status":"publish","type":"post","link":"http:\/\/www.tomirinne.fi\/?p=1321","title":{"rendered":"Kuumetta"},"content":{"rendered":"<p>Kuumetta voi olla monenlaista: autokuumetta, lomakuumetta, kisakuumetta. Nyt kuitenkin k\u00e4vi niin, ett\u00e4 minulle iski ihan perinteinen nuhakuume. Edellinen viikko meni viel\u00e4 ihan normaaliin tapaan mattojuoksun, ty\u00f6matkapy\u00f6r\u00e4ilyn, sulkapalloilun ja viikonlopun pitkien hiihtojen merkeiss\u00e4, mutta t<span style=\"font-weight: 300;\">\u00e4ll\u00e4 viikolla sitten muuttui niin keli- kuin terveystilannekin. \u00d6isin alkoi l\u00e4mp\u00f6tila laskemaan l\u00e4hemm\u00e4ksi kahtakymment\u00e4 pakkasastetta ja p\u00e4ivisinkin oltiin p\u00e4\u00e4osin kymmenen asteen kylmemm\u00e4ll\u00e4 puolella.<\/span><\/p>\n<p>Maanantaina tuli viel\u00e4 tehty\u00e4 matolla juoksutreeni ihan hyviss\u00e4 voimissa, mutta tiistaina alkoi sitten jo terveys horjumaan. P\u00e4iv\u00e4ll\u00e4 alkoi jo v\u00e4h\u00e4n kr\u00f6hitytt\u00e4m\u00e4\u00e4n eik\u00e4 muutenkaan ollut ihan 100% olo. Illalle oli kuitenkin sovittu puolentoista tunnin sulkapallotreenit, eik\u00e4 olo ollut niin huono, etteik\u00f6 sinne olisi voinut menn\u00e4. Sulkapalloilun aikana alkoi kuitenkin jo kurkussa tuntumaan enemm\u00e4n kivun tunnetta ja illalla olikin sitten jo pieni kuume p\u00e4\u00e4ll\u00e4.<\/p>\n<p>Keskiviikkoaamu oli taas ihan ok ja hyv\u00e4 niin, sill\u00e4 heti aamusti piti l\u00e4hte\u00e4 ajamaan ty\u00f6matkalle kohti Keski-Suomea. Puolen p\u00e4iv\u00e4n aikoihin tuli muutama aivastus ja siit\u00e4 hetkest\u00e4 alkaen l\u00e4hti r\u00f6\u00f6rit menem\u00e4\u00e4n tukkoon. Kotiinp\u00e4in ajellessa tulikin sitten niistelty\u00e4 yhte\u00e4\u00e4n. Illalla l\u00e4mp\u00f6\u00e4 oli 37.6. Ei kuulosta paljolta, mutta meik\u00e4l\u00e4iseen vaikuttaa jo melko tehokkaasti. En muista koska viimeksi ollut noin paljon l\u00e4mp\u00f6\u00e4.<\/p>\n<p>Torstaina ei ollut sitten mit\u00e4\u00e4n saumaa l\u00e4hte\u00e4 t\u00f6ihin. Kuumetta saman verran kuin keskiviikkoiltanankin ja r\u00e4k\u00e4 valui. Buranalla sain olon kohenemaan ja tein v\u00e4h\u00e4n et\u00e4t\u00f6it\u00e4, mutta p\u00e4\u00e4asiassa tuli vaan maattua.<\/p>\n<p>Perjataina olo oli torstain kaltainen. Aamup\u00e4iv\u00e4 oli viel\u00e4 suht ok olo, ja teinkin muutaman tunnin et\u00e4t\u00f6it\u00e4, mutta iltap\u00e4iv\u00e4ll\u00e4 olo alkoi heikkenem\u00e4\u00e4n ja siirryin taas s\u00e4ngyn puolelle. Kuume oli vaihtunut alil\u00e4mm\u00f6ksi, sill\u00e4 mittari n\u00e4ytti 36.4. Olin koko p\u00e4iv\u00e4n ihan j\u00e4\u00e4ss\u00e4, vaikka vaatteita oli useampi kerros p\u00e4\u00e4ll\u00e4 ja makasin viltin alla. Illaksi vilu h\u00e4visi ja muuttui tuskahieksi. Burana taisi alkaa taas vaikuttamaan.<\/p>\n<p>Lauantai oli sitten sellainen puolihullu p\u00e4iv\u00e4. Olo vaihteli paljon. Nen\u00e4 oli tukossa ja ysk\u00e4kohtauksia tuli v\u00e4h\u00e4n v\u00e4li\u00e4, mutta kuumetta en en\u00e4\u00e4 viitsinyt mitata. Burana-Nasolin-Resilar -mixill\u00e4 sain olon illaksi melko mukavaksi.<\/p>\n<p>Nyt sunnuntaina aamup\u00e4iv\u00e4st\u00e4 ainakin viel\u00e4 olo on suht ok. Alkuviikko menee ainakin viel\u00e4 lep\u00e4ilyksi treenien osalta. Onneksi sairastelu tuli talven kylmimp\u00e4\u00e4n kohtaan, sill\u00e4 nyt on ollut sellaisia pakkasia, ettei ulkona olisi kuitenkaan viitsinyt mit\u00e4\u00e4n tehd\u00e4. T\u00e4m\u00e4 oli jo vuoden toinen sairastelu, joten t\u00e4m\u00e4n vuoden sairastelut saisivat j\u00e4\u00e4d\u00e4 nyt t\u00e4h\u00e4n.<\/p>\n","protected":false},"excerpt":{"rendered":"<p>Kuumetta voi olla monenlaista: autokuumetta, lomakuumetta, kisakuumetta. Nyt kuitenkin k\u00e4vi niin, ett\u00e4 minulle iski ihan perinteinen nuhakuume. Edellinen viikko meni viel\u00e4 ihan normaaliin tapaan mattojuoksun, ty\u00f6matkapy\u00f6r\u00e4ilyn, sulkapalloilun ja viikonlopun pitkien hiihtojen merkeiss\u00e4, mutta t\u00e4ll\u00e4 viikolla sitten muuttui niin keli- kuin &hellip; <a href=\"http:\/\/www.tomirinne.fi\/?p=1321\">Continue reading <span class=\"meta-nav\">&rarr;<\/span><\/a><\/p>\n","protected":false},"author":1,"featured_media":0,"comment_status":"open","ping_status":"open","sticky":false,"template":"","format":"standard","meta":{"footnotes":""},"categories":[6],"tags":[],"class_list":["post-1321","post","type-post","status-publish","format-standard","hentry","category-treeniraportti"],"_links":{"self":[{"href":"http:\/\/www.tomirinne.fi\/index.php?rest_route=\/wp\/v2\/posts\/1321","targetHints":{"allow":["GET"]}}],"collection":[{"href":"http:\/\/www.tomirinne.fi\/index.php?rest_route=\/wp\/v2\/posts"}],"about":[{"href":"http:\/\/www.tomirinne.fi\/index.php?rest_route=\/wp\/v2\/types\/post"}],"author":[{"embeddable":true,"href":"http:\/\/www.tomirinne.fi\/index.php?rest_route=\/wp\/v2\/users\/1"}],"replies":[{"embeddable":true,"href":"http:\/\/www.tomirinne.fi\/index.php?rest_route=%2Fwp%2Fv2%2Fcomments&post=1321"}],"version-history":[{"count":0,"href":"http:\/\/www.tomirinne.fi\/index.php?rest_route=\/wp\/v2\/posts\/1321\/revisions"}],"wp:attachment":[{"href":"http:\/\/www.tomirinne.fi\/index.php?rest_route=%2Fwp%2Fv2%2Fmedia&parent=1321"}],"wp:term":[{"taxonomy":"category","embeddable":true,"href":"http:\/\/www.tomirinne.fi\/index.php?rest_route=%2Fwp%2Fv2%2Fcategories&post=1321"},{"taxonomy":"post_tag","embeddable":true,"href":"http:\/\/www.tomirinne.fi\/index.php?rest_route=%2Fwp%2Fv2%2Ftags&post=1321"}],"curies":[{"name":"wp","href":"https:\/\/api.w.org\/{rel}","templated":true}]}}