{"id":1219,"date":"2017-06-30T21:33:56","date_gmt":"2017-06-30T18:33:56","guid":{"rendered":"http:\/\/www.tomirinne.net\/?p=1219"},"modified":"2017-06-30T21:33:56","modified_gmt":"2017-06-30T18:33:56","slug":"liikunnallinen-juhannus","status":"publish","type":"post","link":"http:\/\/www.tomirinne.fi\/?p=1219","title":{"rendered":"Liikunnallinen Juhannus"},"content":{"rendered":"<p>Kuusi vuotta on ehtinyt kulua kun viimeksi Kilpisj\u00e4rvell\u00e4 piipahdimme. T\u00e4ll\u00e4kin kertaa ohjelma on suurin piirtein sama kuin edellisell\u00e4 vierailulla, eli luvassa oli perinteik\u00e4s Kilpisj\u00e4rven liikunnallinen Juhannus. T\u00e4n\u00e4 vuonna kes\u00e4 on edellist\u00e4 visitti\u00e4mme huomattavasti my\u00f6hemm\u00e4ss\u00e4, sill\u00e4 pohjoisempi Kilpisj\u00e4rvi oli viel\u00e4 osittain j\u00e4\u00e4ss\u00e4 ja Saanakin oli ymp\u00e4riins\u00e4 lumil\u00e4ikkien t\u00e4plitt\u00e4m\u00e4. Koko Juhannuksen aikana l\u00e4mp\u00f6tiloissa p\u00e4\u00e4stiin h\u00e4din tuskin kymmenen asteen tuntumaan ja vett\u00e4kin tuli enemm\u00e4n tai v\u00e4hemm\u00e4n joka p\u00e4iv\u00e4.<\/p>\n<p>Saavuimme torstaiaamuna autojunalle Rovaniemelle, josta ajoimme parin pys\u00e4hdyksen taktiikalla suoraan Kilpisj\u00e4rven majapaikkaamme. Auton takapenkki oli kattoon asti pakattuna kassia, kenk\u00e4\u00e4 ja koiranruokaa, sill\u00e4 Juhannuksen j\u00e4lkeen olisi tarkoitus suunnata viel\u00e4 Tromssan ymp\u00e4rist\u00f6\u00f6n suunnistusviikolle. Takaluukku oli varattu kokonaisuudessaan koiruuksien valtakunnaksi.<\/p>\n<p>Juhannuksen liikunnallisuus alkoi heti perjantaiaamusta, kun tuli tehty\u00e4 omatoiminen 16 km:n juoksulenkki. Vauhtikin oli, yhden lepop\u00e4iv\u00e4n siivitt\u00e4m\u00e4n\u00e4, ihan kohdillaan ja Kilpisj\u00e4rvelt\u00e4 Norjan rajalle johtava tie oli mukavan loivasti kumpuilevaa, joten mit\u00e4\u00e4n isoja m\u00e4ki\u00e4 ei tarvinnut tarpoa. My\u00f6sk\u00e4\u00e4n liian kuumasta kelist\u00e4 ei tarvinnut olla huollissaan. 70 minuutin aamulenkki oli sopiva l\u00e4mmittely liikunnalliselle Juhannukselle.<\/p>\n<p>Illalla oli sitten vuorossa perinteik\u00e4s, 72. juhannushiihto. Hiihtopaikka oli t\u00e4ll\u00e4 kertaa noin 1.2 km p\u00e4\u00e4ss\u00e4 Kilpisj\u00e4rven retkeilykeskuksesta, josta l\u00f6ytyi paikka 180 m hiihtoradalle. Olimme ottaneet mukaan omat monot, mutta sukset ja sauvat lainasimme j\u00e4rjest\u00e4jilt\u00e4. Oma hiihtotyylini pitopohjasuksilla oli perinteisen ja juoksun yhdistelm\u00e4, jolla saavutin n. 24 sekunnin ajan. S\u00e4\u00e4 suosi hiihtoja, sill\u00e4 aurinko porotti l\u00e4hes siniselt\u00e4 taivaalta eik\u00e4 tuulestakaan ollut haittaa.<\/p>\n<p><img loading=\"lazy\" decoding=\"async\" class=\"alignnone size-medium wp-image-1223\" src=\"http:\/\/www.tomirinne.net\/wp-content\/uploads\/2017\/06\/IMG-20170623-WA0001-225x300.jpg\" alt=\"\" width=\"225\" height=\"300\" srcset=\"http:\/\/www.tomirinne.fi\/wp-content\/uploads\/2017\/06\/IMG-20170623-WA0001-225x300.jpg 225w, http:\/\/www.tomirinne.fi\/wp-content\/uploads\/2017\/06\/IMG-20170623-WA0001.jpg 768w\" sizes=\"auto, (max-width: 225px) 100vw, 225px\" \/>\u00a0<img loading=\"lazy\" decoding=\"async\" class=\"alignnone size-medium wp-image-1224\" src=\"http:\/\/www.tomirinne.net\/wp-content\/uploads\/2017\/06\/DSC_0343-300x169.jpg\" alt=\"\" width=\"300\" height=\"169\" srcset=\"http:\/\/www.tomirinne.fi\/wp-content\/uploads\/2017\/06\/DSC_0343-300x169.jpg 300w, http:\/\/www.tomirinne.fi\/wp-content\/uploads\/2017\/06\/DSC_0343-1024x576.jpg 1024w, http:\/\/www.tomirinne.fi\/wp-content\/uploads\/2017\/06\/DSC_0343-768x432.jpg 768w, http:\/\/www.tomirinne.fi\/wp-content\/uploads\/2017\/06\/DSC_0343-1536x864.jpg 1536w, http:\/\/www.tomirinne.fi\/wp-content\/uploads\/2017\/06\/DSC_0343-2048x1152.jpg 2048w, http:\/\/www.tomirinne.fi\/wp-content\/uploads\/2017\/06\/DSC_0343-1568x882.jpg 1568w\" sizes=\"auto, (max-width: 300px) 100vw, 300px\" \/><\/p>\n<p>Juhannusy\u00f6n\u00e4 vaelsimme viel\u00e4 koirien kanssa Saanan huipulle ihailemaan y\u00f6tt\u00f6m\u00e4n y\u00f6n aurinkoa, joka olikin hienosti esill\u00e4 koko vaelluksen ajan. Kahden ja puolen tunnin retki p\u00e4\u00e4ttyi reilusti puolen y\u00f6n j\u00e4lkeen, joten majapaikkaan saapui pari uupunutta koiraa ja heid\u00e4n taluttajaansa.<\/p>\n<p><img loading=\"lazy\" decoding=\"async\" class=\"alignnone size-medium wp-image-1228\" src=\"http:\/\/www.tomirinne.net\/wp-content\/uploads\/2017\/06\/09CC05E7-18E9-4E6D-82E5-A61C3FE21244-300x225.jpg\" alt=\"\" width=\"300\" height=\"225\" srcset=\"http:\/\/www.tomirinne.fi\/wp-content\/uploads\/2017\/06\/09CC05E7-18E9-4E6D-82E5-A61C3FE21244-300x225.jpg 300w, http:\/\/www.tomirinne.fi\/wp-content\/uploads\/2017\/06\/09CC05E7-18E9-4E6D-82E5-A61C3FE21244-1024x768.jpg 1024w, http:\/\/www.tomirinne.fi\/wp-content\/uploads\/2017\/06\/09CC05E7-18E9-4E6D-82E5-A61C3FE21244-768x576.jpg 768w, http:\/\/www.tomirinne.fi\/wp-content\/uploads\/2017\/06\/09CC05E7-18E9-4E6D-82E5-A61C3FE21244-1536x1152.jpg 1536w, http:\/\/www.tomirinne.fi\/wp-content\/uploads\/2017\/06\/09CC05E7-18E9-4E6D-82E5-A61C3FE21244-2048x1536.jpg 2048w, http:\/\/www.tomirinne.fi\/wp-content\/uploads\/2017\/06\/09CC05E7-18E9-4E6D-82E5-A61C3FE21244-1568x1176.jpg 1568w\" sizes=\"auto, (max-width: 300px) 100vw, 300px\" \/> <img loading=\"lazy\" decoding=\"async\" class=\"alignnone size-medium wp-image-1229\" src=\"http:\/\/www.tomirinne.net\/wp-content\/uploads\/2017\/06\/4D56B6EA-057F-4433-AF88-287FFD2DBE7E-300x225.jpg\" alt=\"\" width=\"300\" height=\"225\" srcset=\"http:\/\/www.tomirinne.fi\/wp-content\/uploads\/2017\/06\/4D56B6EA-057F-4433-AF88-287FFD2DBE7E-300x225.jpg 300w, http:\/\/www.tomirinne.fi\/wp-content\/uploads\/2017\/06\/4D56B6EA-057F-4433-AF88-287FFD2DBE7E-1024x768.jpg 1024w, http:\/\/www.tomirinne.fi\/wp-content\/uploads\/2017\/06\/4D56B6EA-057F-4433-AF88-287FFD2DBE7E-768x576.jpg 768w, http:\/\/www.tomirinne.fi\/wp-content\/uploads\/2017\/06\/4D56B6EA-057F-4433-AF88-287FFD2DBE7E-1536x1152.jpg 1536w, http:\/\/www.tomirinne.fi\/wp-content\/uploads\/2017\/06\/4D56B6EA-057F-4433-AF88-287FFD2DBE7E-2048x1536.jpg 2048w, http:\/\/www.tomirinne.fi\/wp-content\/uploads\/2017\/06\/4D56B6EA-057F-4433-AF88-287FFD2DBE7E-1568x1176.jpg 1568w\" sizes=\"auto, (max-width: 300px) 100vw, 300px\" \/><\/p>\n<p>Lauantai valkeni my\u00f6s kuivana joskaan ei aurinkoisena. Mutta s\u00e4\u00e4 oli mit\u00e4 parahin puolilta p\u00e4ivin alkavaan rogaining-suunnistukseen. Paikka oli noin 20 km Kilpisj\u00e4rvelt\u00e4 etel\u00e4\u00e4n. Sarjoja oli 1:n ja 3:n tunnin sek\u00e4 joukkue- ja yksil\u00f6suunnistukseen. Menimme Tuulin kanssa yhdess\u00e4 kolmen tunnin sarjaan. Jonkinn\u00e4k\u00f6inen reittisuunnitelma tehtiin ennen l\u00e4ht\u00f6\u00e4, mutta siin\u00e4 oli niin paljon ep\u00e4varmuustekij\u00f6it\u00e4 mukana, ett\u00e4 tiedossa oli soveltamista matkan varrella.<\/p>\n<p>Alkumatka meni kartan ja maaston sovittamiseen kesken\u00e4\u00e4n ja tunturikoivikossa tarpomiseen. Etenemisvauhti n\u00e4ytti huolestuttavan hitaalta, joten suunnitelmien romuttuminen kalvoi takaraivoa jo heti ensimm\u00e4isill\u00e4 kilometreill\u00e4. Pari ensimm\u00e4ist\u00e4 rastia kun oltiin l\u00f6ydetty tunturikoivikosta ja noustu jyrkk\u00e4 rinne yl\u00f6s, niin sitten alkoi homma v\u00e4h\u00e4n paremmin sujumaan.<\/p>\n<p>Avotunturissa vauhti nousi ja rastitkin alkoivat l\u00f6ytym\u00e4\u00e4n paremmin. Muutammilla rasteilla oli hieman s\u00e4\u00e4t\u00f6\u00e4, mutta p\u00e4\u00e4osin ei mit\u00e4\u00e4n suuria ongelmia ollut ja pystyimme hakemaan jopa muutaman ylim\u00e4\u00e4r\u00e4isenkin rastin alkuper\u00e4issuunnitelman ulkopuolelta. Hieman p\u00e4\u00e4lle kymmenen minuuttia etuajassa tulimme maaliin, mutta enemp\u00e4\u00e4 ei olisi ehtinyt hakemaan. Matkaa kertyi hieman p\u00e4\u00e4lle 13 kilometri\u00e4. Onneksemme sade alkoi vasta majapaikalle ajettaessa.<\/p>\n<p><img loading=\"lazy\" decoding=\"async\" class=\"alignnone size-medium wp-image-1226\" src=\"http:\/\/www.tomirinne.net\/wp-content\/uploads\/2017\/06\/B5BF8DED-BA90-4204-BE77-06049DDA836E-300x225.jpg\" alt=\"\" width=\"300\" height=\"225\" srcset=\"http:\/\/www.tomirinne.fi\/wp-content\/uploads\/2017\/06\/B5BF8DED-BA90-4204-BE77-06049DDA836E-300x225.jpg 300w, http:\/\/www.tomirinne.fi\/wp-content\/uploads\/2017\/06\/B5BF8DED-BA90-4204-BE77-06049DDA836E-1024x768.jpg 1024w, http:\/\/www.tomirinne.fi\/wp-content\/uploads\/2017\/06\/B5BF8DED-BA90-4204-BE77-06049DDA836E-768x576.jpg 768w, http:\/\/www.tomirinne.fi\/wp-content\/uploads\/2017\/06\/B5BF8DED-BA90-4204-BE77-06049DDA836E-1536x1152.jpg 1536w, http:\/\/www.tomirinne.fi\/wp-content\/uploads\/2017\/06\/B5BF8DED-BA90-4204-BE77-06049DDA836E-2048x1536.jpg 2048w, http:\/\/www.tomirinne.fi\/wp-content\/uploads\/2017\/06\/B5BF8DED-BA90-4204-BE77-06049DDA836E-1568x1176.jpg 1568w\" sizes=\"auto, (max-width: 300px) 100vw, 300px\" \/> <img loading=\"lazy\" decoding=\"async\" class=\"alignnone size-medium wp-image-1227\" src=\"http:\/\/www.tomirinne.net\/wp-content\/uploads\/2017\/06\/A4179820-45CB-4F61-8E3C-FAD1003AF881-300x225.jpg\" alt=\"\" width=\"300\" height=\"225\" srcset=\"http:\/\/www.tomirinne.fi\/wp-content\/uploads\/2017\/06\/A4179820-45CB-4F61-8E3C-FAD1003AF881-300x225.jpg 300w, http:\/\/www.tomirinne.fi\/wp-content\/uploads\/2017\/06\/A4179820-45CB-4F61-8E3C-FAD1003AF881-1024x768.jpg 1024w, http:\/\/www.tomirinne.fi\/wp-content\/uploads\/2017\/06\/A4179820-45CB-4F61-8E3C-FAD1003AF881-768x576.jpg 768w, http:\/\/www.tomirinne.fi\/wp-content\/uploads\/2017\/06\/A4179820-45CB-4F61-8E3C-FAD1003AF881-1536x1152.jpg 1536w, http:\/\/www.tomirinne.fi\/wp-content\/uploads\/2017\/06\/A4179820-45CB-4F61-8E3C-FAD1003AF881-2048x1536.jpg 2048w, http:\/\/www.tomirinne.fi\/wp-content\/uploads\/2017\/06\/A4179820-45CB-4F61-8E3C-FAD1003AF881-1568x1176.jpg 1568w\" sizes=\"auto, (max-width: 300px) 100vw, 300px\" \/><\/p>\n<p>Sunnuntaina oli vuorossa Saanan vuorijuoksukilpailu. Olin p\u00e4\u00e4tt\u00e4nyt etuk\u00e4teen, ett\u00e4 mik\u00e4li s\u00e4\u00e4ennuste, eli vesisade, toteutuu niin mukaan en l\u00e4hde liukastelemaan ja itse\u00e4ni telomaan. Puoli tuntia ennen kisaa tihutti v\u00e4h\u00e4n vett\u00e4 ja Saanan huippu oli pilvess\u00e4, mutta kilpailunumero oli silti lunastettu, joten kisaan oltiin kuitenkin osallistumassa.<\/p>\n<p>Mukanani ei ollut kuin tavalliset juoksulenkkarit, joten ihan optimaaliset ne eiv\u00e4t olleet m\u00e4rille pitkospuille, joita ensimm\u00e4inen kilometri p\u00e4\u00e4osin juostiin. Jo alku tuntui melko rankalta ja meno vain paheni kun portaat alkoivat ensimm\u00e4isen kilometrin j\u00e4lkeen. Portaita oli noin puolisen kilometri\u00e4. P\u00e4\u00e4osin ne tuli k\u00e4velty\u00e4 reipasta vauhtia, mutta v\u00e4lill\u00e4 syke antoi luvan ottaa hieman juoksuaskeleitakin. T\u00e4ss\u00e4 vaiheessa etenin kolmantena kisassa. K\u00e4rkimies oli n. 100 m edell\u00e4 ja kakkonen parin kymmenen metrin p\u00e4\u00e4ss\u00e4. Ihan heti takana ei uhkaajia n\u00e4kynyt.<\/p>\n<p>Matka eteni vuoroin juosten vuoroin k\u00e4vellen. Heti kun tuli v\u00e4h\u00e4n tasaisempaa, niin juoksuaskeleet otettiin k\u00e4ytt\u00f6\u00f6n, mutta kivikkoiset p\u00e4tk\u00e4t puuskutettiin k\u00e4velyaskelin. Et\u00e4isyys kakkosmieheen vaihteli, mutta otin taktiikaksi juosta aina samat osuudet kuin h\u00e4nkin plus muutaman metrin aina pidemp\u00e4\u00e4n. T\u00e4ll\u00e4 konstilla sainkin h\u00e4net kiinni noin kilometri ennen huippua. Loppumatkalla sain rep\u00e4isty\u00e4 reilun 40 sekunnin eron, ja huiputin Saanan kakkosena ajassa 32.06.<\/p>\n<p>Kartalla ja GPS:ll\u00e4 matkaa kertyi noin 4 km, mutta nousun vuoksi todellinen matka oli noin 4.5 km. L\u00e4mp\u00f6tila l\u00e4hd\u00f6ss\u00e4 oli 9 astetta, mutta huipulla vain 4, joten sielt\u00e4 piti l\u00e4hte\u00e4 melko pian teputtamaan alasp\u00e4in. Onneksi vett\u00e4 ei juurikaan en\u00e4\u00e4 matkan aikana satanut, eik\u00e4 tuulikaan haitannut. My\u00f6skin sumu h\u00e4lveni kisan aikana siten, ett\u00e4 n\u00e4kyvyys oli koko matkan ajan hyv\u00e4.<\/p>\n<p>Se Juhannus oli sitten sellainen. Helteess\u00e4 ei tarvinnut k\u00e4rvistell\u00e4, mutta sopivasti pukeutumalla kelit olivat ihan siedett\u00e4v\u00e4t. Itikoista ei ollut my\u00f6sk\u00e4\u00e4n haittaa. Ainoa kunnon kastuminen tuli vasta maanantaina, jolloin k\u00e4vimme koirien kanssa katsomassa kuinka vuolas Mallan Kitsiputous olikaan. Tiistaina matkamme jatkui sitten kohti Norjan Vikrania, jossa majailisimme seuraavat kuusi y\u00f6t\u00e4, mutta se on sitten uusi tarinansa se.<\/p>\n","protected":false},"excerpt":{"rendered":"<p>Kuusi vuotta on ehtinyt kulua kun viimeksi Kilpisj\u00e4rvell\u00e4 piipahdimme. T\u00e4ll\u00e4kin kertaa ohjelma on suurin piirtein sama kuin edellisell\u00e4 vierailulla, eli luvassa oli perinteik\u00e4s Kilpisj\u00e4rven liikunnallinen Juhannus. T\u00e4n\u00e4 vuonna kes\u00e4 on edellist\u00e4 visitti\u00e4mme huomattavasti my\u00f6hemm\u00e4ss\u00e4, sill\u00e4 pohjoisempi Kilpisj\u00e4rvi oli viel\u00e4 osittain &hellip; <a href=\"http:\/\/www.tomirinne.fi\/?p=1219\">Continue reading <span class=\"meta-nav\">&rarr;<\/span><\/a><\/p>\n","protected":false},"author":1,"featured_media":0,"comment_status":"open","ping_status":"open","sticky":false,"template":"","format":"standard","meta":{"footnotes":""},"categories":[6],"tags":[],"class_list":["post-1219","post","type-post","status-publish","format-standard","hentry","category-treeniraportti"],"_links":{"self":[{"href":"http:\/\/www.tomirinne.fi\/index.php?rest_route=\/wp\/v2\/posts\/1219","targetHints":{"allow":["GET"]}}],"collection":[{"href":"http:\/\/www.tomirinne.fi\/index.php?rest_route=\/wp\/v2\/posts"}],"about":[{"href":"http:\/\/www.tomirinne.fi\/index.php?rest_route=\/wp\/v2\/types\/post"}],"author":[{"embeddable":true,"href":"http:\/\/www.tomirinne.fi\/index.php?rest_route=\/wp\/v2\/users\/1"}],"replies":[{"embeddable":true,"href":"http:\/\/www.tomirinne.fi\/index.php?rest_route=%2Fwp%2Fv2%2Fcomments&post=1219"}],"version-history":[{"count":0,"href":"http:\/\/www.tomirinne.fi\/index.php?rest_route=\/wp\/v2\/posts\/1219\/revisions"}],"wp:attachment":[{"href":"http:\/\/www.tomirinne.fi\/index.php?rest_route=%2Fwp%2Fv2%2Fmedia&parent=1219"}],"wp:term":[{"taxonomy":"category","embeddable":true,"href":"http:\/\/www.tomirinne.fi\/index.php?rest_route=%2Fwp%2Fv2%2Fcategories&post=1219"},{"taxonomy":"post_tag","embeddable":true,"href":"http:\/\/www.tomirinne.fi\/index.php?rest_route=%2Fwp%2Fv2%2Ftags&post=1219"}],"curies":[{"name":"wp","href":"https:\/\/api.w.org\/{rel}","templated":true}]}}